{"id":1489,"date":"2025-04-28T22:40:00","date_gmt":"2025-04-28T22:40:00","guid":{"rendered":"https:\/\/zonarojaquintanaroo.com\/?p=1489"},"modified":"2025-04-29T03:41:16","modified_gmt":"2025-04-29T03:41:16","slug":"mara-lezama-esta-presente-en-la-inauguracion-y-corte-de-liston-de-la-49-edicion-del-tianguis-turistico-de-mexico","status":"publish","type":"post","link":"https:\/\/zonarojaquintanaroo.com\/?p=1489","title":{"rendered":"Mara Lezama est\u00e1 presente en la inauguraci\u00f3n y corte de list\u00f3n de la 49 Edici\u00f3n del Tianguis Tur\u00edstico de M\u00e9xico"},"content":{"rendered":"\n<figure class=\"wp-block-image size-large\"><img loading=\"lazy\" decoding=\"async\" width=\"1024\" height=\"529\" src=\"https:\/\/zonarojaquintanaroo.com\/wp-content\/uploads\/2025\/04\/1000418211-1024x529.jpg\" alt=\"\" class=\"wp-image-1490\" srcset=\"https:\/\/zonarojaquintanaroo.com\/wp-content\/uploads\/2025\/04\/1000418211-1024x529.jpg 1024w, https:\/\/zonarojaquintanaroo.com\/wp-content\/uploads\/2025\/04\/1000418211-300x155.jpg 300w, https:\/\/zonarojaquintanaroo.com\/wp-content\/uploads\/2025\/04\/1000418211-768x397.jpg 768w, https:\/\/zonarojaquintanaroo.com\/wp-content\/uploads\/2025\/04\/1000418211-1536x794.jpg 1536w, https:\/\/zonarojaquintanaroo.com\/wp-content\/uploads\/2025\/04\/1000418211-2048x1059.jpg 2048w\" sizes=\"auto, (max-width: 1024px) 100vw, 1024px\" \/><\/figure>\n\n\n\n<p>Rosarito, B.C, 28 de abril del 2025.- La gobernadora Mara Lezama Espinosa particip\u00f3 en la inauguraci\u00f3n y corte del list\u00f3n inaugural de la edici\u00f3n 49 del Tianguis Tur\u00edstico de M\u00e9xico 2025, que se celebra en Rosarito, Baja California, junto con la Secretaria Josefina Rodr\u00edguez Zamora, y la titular del Ejecutivo de ese estado, Marina del Pilar \u00c1vila Olmeda.<\/p>\n\n\n\n<figure class=\"wp-block-image size-large\"><img loading=\"lazy\" decoding=\"async\" width=\"1024\" height=\"682\" src=\"https:\/\/zonarojaquintanaroo.com\/wp-content\/uploads\/2025\/04\/1000418217-1024x682.jpg\" alt=\"\" class=\"wp-image-1491\" srcset=\"https:\/\/zonarojaquintanaroo.com\/wp-content\/uploads\/2025\/04\/1000418217-1024x682.jpg 1024w, https:\/\/zonarojaquintanaroo.com\/wp-content\/uploads\/2025\/04\/1000418217-300x200.jpg 300w, https:\/\/zonarojaquintanaroo.com\/wp-content\/uploads\/2025\/04\/1000418217-768x512.jpg 768w, https:\/\/zonarojaquintanaroo.com\/wp-content\/uploads\/2025\/04\/1000418217-1536x1024.jpg 1536w, https:\/\/zonarojaquintanaroo.com\/wp-content\/uploads\/2025\/04\/1000418217-2048x1365.jpg 2048w\" sizes=\"auto, (max-width: 1024px) 100vw, 1024px\" \/><\/figure>\n\n\n\n<p>Mara Lezama encabeza a la delegaci\u00f3n que representa al Caribe Mexicano. Destac\u00f3 que la participaci\u00f3n de Quintana Roo en este evento reafirma el compromiso de su administraci\u00f3n por impulsar al turismo como el motor econ\u00f3mico y de prosperidad compartida para las y los quintanarroenses.<\/p>\n\n\n\n<figure class=\"wp-block-image size-large\"><img loading=\"lazy\" decoding=\"async\" width=\"1024\" height=\"683\" src=\"https:\/\/zonarojaquintanaroo.com\/wp-content\/uploads\/2025\/04\/1000418213-1024x683.jpg\" alt=\"\" class=\"wp-image-1492\" srcset=\"https:\/\/zonarojaquintanaroo.com\/wp-content\/uploads\/2025\/04\/1000418213-1024x683.jpg 1024w, https:\/\/zonarojaquintanaroo.com\/wp-content\/uploads\/2025\/04\/1000418213-300x200.jpg 300w, https:\/\/zonarojaquintanaroo.com\/wp-content\/uploads\/2025\/04\/1000418213-768x512.jpg 768w, https:\/\/zonarojaquintanaroo.com\/wp-content\/uploads\/2025\/04\/1000418213-1536x1024.jpg 1536w, https:\/\/zonarojaquintanaroo.com\/wp-content\/uploads\/2025\/04\/1000418213-2048x1366.jpg 2048w\" sizes=\"auto, (max-width: 1024px) 100vw, 1024px\" \/><\/figure>\n\n\n\n<p>\u201cEl turismo no solo es una actividad econ\u00f3mica, es una herramienta de transformaci\u00f3n social. Estamos aqu\u00ed para fortalecer alianzas, abrir nuevos mercados y mostrar al mundo que en Quintana Roo estamos trabajando para que el bienestar llegue a todos los rincones del estado\u201d, expres\u00f3 Mara Lezama.<\/p>\n\n\n\n<figure class=\"wp-block-image size-large\"><img loading=\"lazy\" decoding=\"async\" width=\"1024\" height=\"683\" src=\"https:\/\/zonarojaquintanaroo.com\/wp-content\/uploads\/2025\/04\/1000418215-1024x683.jpg\" alt=\"\" class=\"wp-image-1493\" srcset=\"https:\/\/zonarojaquintanaroo.com\/wp-content\/uploads\/2025\/04\/1000418215-1024x683.jpg 1024w, https:\/\/zonarojaquintanaroo.com\/wp-content\/uploads\/2025\/04\/1000418215-300x200.jpg 300w, https:\/\/zonarojaquintanaroo.com\/wp-content\/uploads\/2025\/04\/1000418215-768x512.jpg 768w, https:\/\/zonarojaquintanaroo.com\/wp-content\/uploads\/2025\/04\/1000418215-1536x1024.jpg 1536w, https:\/\/zonarojaquintanaroo.com\/wp-content\/uploads\/2025\/04\/1000418215-2048x1365.jpg 2048w\" sizes=\"auto, (max-width: 1024px) 100vw, 1024px\" \/><\/figure>\n\n\n\n<p>Con la presencia de los 12 destinos, de Quintana Roo, empresas, prestadores de servicios y representantes del sector p\u00fablico y privado, el Tianguis Tur\u00edstico se convierte en una plataforma importante en la promoci\u00f3n de la riqueza natural, cultural y gastron\u00f3mica del estado, y contin\u00faa posicion\u00e1ndose como referente mundial en turismo sustentable, incluyente e innovador.<\/p>\n\n\n\n<figure class=\"wp-block-image size-large\"><img loading=\"lazy\" decoding=\"async\" width=\"1024\" height=\"683\" src=\"https:\/\/zonarojaquintanaroo.com\/wp-content\/uploads\/2025\/04\/1000418220-1024x683.jpg\" alt=\"\" class=\"wp-image-1494\" srcset=\"https:\/\/zonarojaquintanaroo.com\/wp-content\/uploads\/2025\/04\/1000418220-1024x683.jpg 1024w, https:\/\/zonarojaquintanaroo.com\/wp-content\/uploads\/2025\/04\/1000418220-300x200.jpg 300w, https:\/\/zonarojaquintanaroo.com\/wp-content\/uploads\/2025\/04\/1000418220-768x512.jpg 768w, https:\/\/zonarojaquintanaroo.com\/wp-content\/uploads\/2025\/04\/1000418220-1536x1024.jpg 1536w, https:\/\/zonarojaquintanaroo.com\/wp-content\/uploads\/2025\/04\/1000418220-2048x1365.jpg 2048w\" sizes=\"auto, (max-width: 1024px) 100vw, 1024px\" \/><\/figure>\n\n\n\n<p>Durante el evento inaugural, la secretaria Josefina Rodr\u00edguez Zamora destac\u00f3 que en este Tianguis, que por primera vez es binacional, participan las 32 entidades del pa\u00eds, con 3 mil 216 expositores, mil 259 empresas, mil 700 compradores, 75 mil citas de negocios y 44 pa\u00edses presentes.<\/p>\n\n\n\n<figure class=\"wp-block-image size-large\"><img loading=\"lazy\" decoding=\"async\" width=\"1024\" height=\"683\" src=\"https:\/\/zonarojaquintanaroo.com\/wp-content\/uploads\/2025\/04\/1000418219-1024x683.jpg\" alt=\"\" class=\"wp-image-1495\" srcset=\"https:\/\/zonarojaquintanaroo.com\/wp-content\/uploads\/2025\/04\/1000418219-1024x683.jpg 1024w, https:\/\/zonarojaquintanaroo.com\/wp-content\/uploads\/2025\/04\/1000418219-300x200.jpg 300w, https:\/\/zonarojaquintanaroo.com\/wp-content\/uploads\/2025\/04\/1000418219-768x512.jpg 768w, https:\/\/zonarojaquintanaroo.com\/wp-content\/uploads\/2025\/04\/1000418219-1536x1024.jpg 1536w, https:\/\/zonarojaquintanaroo.com\/wp-content\/uploads\/2025\/04\/1000418219-2048x1365.jpg 2048w\" sizes=\"auto, (max-width: 1024px) 100vw, 1024px\" \/><\/figure>\n\n\n\n<p>Al hablar de la fortaleza tur\u00edstica de M\u00e9xico, expres\u00f3 que el Tren Maya es un producto \u00fanico en el mundo, pues a trav\u00e9s de sus mil 500 kil\u00f3metros hay infraestructura como hoteles, parques, museos, pero adem\u00e1s una gran riqueza, las comunidades ind\u00edgenas.<\/p>\n\n\n\n<figure class=\"wp-block-image size-large\"><img loading=\"lazy\" decoding=\"async\" width=\"1024\" height=\"682\" src=\"https:\/\/zonarojaquintanaroo.com\/wp-content\/uploads\/2025\/04\/1000418218-1024x682.jpg\" alt=\"\" class=\"wp-image-1496\" srcset=\"https:\/\/zonarojaquintanaroo.com\/wp-content\/uploads\/2025\/04\/1000418218-1024x682.jpg 1024w, https:\/\/zonarojaquintanaroo.com\/wp-content\/uploads\/2025\/04\/1000418218-300x200.jpg 300w, https:\/\/zonarojaquintanaroo.com\/wp-content\/uploads\/2025\/04\/1000418218-768x512.jpg 768w, https:\/\/zonarojaquintanaroo.com\/wp-content\/uploads\/2025\/04\/1000418218-1536x1024.jpg 1536w, https:\/\/zonarojaquintanaroo.com\/wp-content\/uploads\/2025\/04\/1000418218-2048x1365.jpg 2048w\" sizes=\"auto, (max-width: 1024px) 100vw, 1024px\" \/><\/figure>\n\n\n\n<p>Con una gran participaci\u00f3n internacional inici\u00f3 el evento m\u00e1s importante del sector tur\u00edstico en M\u00e9xico, que por primera vez en su historia se celebra con un car\u00e1cter bilateral entre M\u00e9xico y Estados Unidos, consolid\u00e1ndose como un puente de cooperaci\u00f3n, promoci\u00f3n y fortalecimiento de la actividad tur\u00edstica en Am\u00e9rica del Norte, el principal emisor de turistas para M\u00e9xico y el Caribe Mexicano, con el 36.7 por ciento del total de pasajeros en 2024.<\/p>\n\n\n\n<figure class=\"wp-block-image size-large\"><img loading=\"lazy\" decoding=\"async\" width=\"1024\" height=\"321\" src=\"https:\/\/zonarojaquintanaroo.com\/wp-content\/uploads\/2025\/04\/1000418221-1024x321.jpg\" alt=\"\" class=\"wp-image-1497\" srcset=\"https:\/\/zonarojaquintanaroo.com\/wp-content\/uploads\/2025\/04\/1000418221-1024x321.jpg 1024w, https:\/\/zonarojaquintanaroo.com\/wp-content\/uploads\/2025\/04\/1000418221-300x94.jpg 300w, https:\/\/zonarojaquintanaroo.com\/wp-content\/uploads\/2025\/04\/1000418221-768x241.jpg 768w, https:\/\/zonarojaquintanaroo.com\/wp-content\/uploads\/2025\/04\/1000418221-1536x481.jpg 1536w, https:\/\/zonarojaquintanaroo.com\/wp-content\/uploads\/2025\/04\/1000418221-2048x642.jpg 2048w\" sizes=\"auto, (max-width: 1024px) 100vw, 1024px\" \/><\/figure>\n\n\n\n<p>La gobernadora de Baja California, Marina del Pilar \u00c1vila Olmeda, dio a bienvenida a todas y todos a este Tianguis que por primera vez se celebra en un estado de la frontera norte.<\/p>\n\n\n\n<figure class=\"wp-block-image size-large\"><img loading=\"lazy\" decoding=\"async\" width=\"1024\" height=\"578\" src=\"https:\/\/zonarojaquintanaroo.com\/wp-content\/uploads\/2025\/04\/1000418214-1024x578.jpg\" alt=\"\" class=\"wp-image-1498\" srcset=\"https:\/\/zonarojaquintanaroo.com\/wp-content\/uploads\/2025\/04\/1000418214-1024x578.jpg 1024w, https:\/\/zonarojaquintanaroo.com\/wp-content\/uploads\/2025\/04\/1000418214-300x169.jpg 300w, https:\/\/zonarojaquintanaroo.com\/wp-content\/uploads\/2025\/04\/1000418214-768x433.jpg 768w, https:\/\/zonarojaquintanaroo.com\/wp-content\/uploads\/2025\/04\/1000418214-1536x866.jpg 1536w, https:\/\/zonarojaquintanaroo.com\/wp-content\/uploads\/2025\/04\/1000418214-2048x1155.jpg 2048w\" sizes=\"auto, (max-width: 1024px) 100vw, 1024px\" \/><\/figure>\n","protected":false},"excerpt":{"rendered":"<p>Rosarito, B.C, 28 de abril del 2025.- La gobernadora Mara Lezama Espinosa particip\u00f3 en la inauguraci\u00f3n y corte del list\u00f3n inaugural de la edici\u00f3n 49 del Tianguis Tur\u00edstico de M\u00e9xico&hellip; <\/p>\n","protected":false},"author":2,"featured_media":1497,"comment_status":"open","ping_status":"closed","sticky":false,"template":"","format":"standard","meta":{"footnotes":""},"categories":[8],"tags":[],"class_list":["post-1489","post","type-post","status-publish","format-standard","has-post-thumbnail","hentry","category-turismo"],"_links":{"self":[{"href":"https:\/\/zonarojaquintanaroo.com\/index.php?rest_route=\/wp\/v2\/posts\/1489","targetHints":{"allow":["GET"]}}],"collection":[{"href":"https:\/\/zonarojaquintanaroo.com\/index.php?rest_route=\/wp\/v2\/posts"}],"about":[{"href":"https:\/\/zonarojaquintanaroo.com\/index.php?rest_route=\/wp\/v2\/types\/post"}],"author":[{"embeddable":true,"href":"https:\/\/zonarojaquintanaroo.com\/index.php?rest_route=\/wp\/v2\/users\/2"}],"replies":[{"embeddable":true,"href":"https:\/\/zonarojaquintanaroo.com\/index.php?rest_route=%2Fwp%2Fv2%2Fcomments&post=1489"}],"version-history":[{"count":1,"href":"https:\/\/zonarojaquintanaroo.com\/index.php?rest_route=\/wp\/v2\/posts\/1489\/revisions"}],"predecessor-version":[{"id":1499,"href":"https:\/\/zonarojaquintanaroo.com\/index.php?rest_route=\/wp\/v2\/posts\/1489\/revisions\/1499"}],"wp:featuredmedia":[{"embeddable":true,"href":"https:\/\/zonarojaquintanaroo.com\/index.php?rest_route=\/wp\/v2\/media\/1497"}],"wp:attachment":[{"href":"https:\/\/zonarojaquintanaroo.com\/index.php?rest_route=%2Fwp%2Fv2%2Fmedia&parent=1489"}],"wp:term":[{"taxonomy":"category","embeddable":true,"href":"https:\/\/zonarojaquintanaroo.com\/index.php?rest_route=%2Fwp%2Fv2%2Fcategories&post=1489"},{"taxonomy":"post_tag","embeddable":true,"href":"https:\/\/zonarojaquintanaroo.com\/index.php?rest_route=%2Fwp%2Fv2%2Ftags&post=1489"}],"curies":[{"name":"wp","href":"https:\/\/api.w.org\/{rel}","templated":true}]}}